{"id":707,"date":"2023-05-02T07:40:01","date_gmt":"2023-05-02T07:40:01","guid":{"rendered":"https:\/\/thermibel.be\/2023\/05\/02\/calibraciones-de-100c-a-1300c\/"},"modified":"2023-10-31T11:51:21","modified_gmt":"2023-10-31T11:51:21","slug":"calibraciones-de-100c-a-1300c","status":"publish","type":"post","link":"https:\/\/thermibel.be\/es\/2023\/05\/02\/calibraciones-de-100c-a-1300c\/","title":{"rendered":"Calibraciones de -100\u00b0C a 1300\u00b0C"},"content":{"rendered":"\n<p>Thermibel renueva oficialmente por 3 a\u00f1os su acreditaci\u00f3n del laboratorio BELAC. Calibramos sus sensores de temperatura desde -100 \u00b0C hasta +1.300 \u00b0C.<br>Si desea m\u00e1s informaci\u00f3n, p\u00f3ngase en contacto con nosotros.<\/p>\n","protected":false},"excerpt":{"rendered":"<p>Thermibel renueva oficialmente por 3 a\u00f1os su acreditaci\u00f3n del laboratorio BELAC. Calibramos sus sensores de temperatura desde -100 \u00b0C hasta +1.300 \u00b0C.Si desea m\u00e1s informaci\u00f3n, p\u00f3ngase en contacto con nosotros.<\/p>\n","protected":false},"author":1,"featured_media":378,"comment_status":"open","ping_status":"open","sticky":false,"template":"","format":"standard","meta":{"_acf_changed":false,"om_disable_all_campaigns":false,"_monsterinsights_skip_tracking":false,"_monsterinsights_sitenote_active":false,"_monsterinsights_sitenote_note":"","_monsterinsights_sitenote_category":0,"_uf_show_specific_survey":0,"_uf_disable_surveys":false,"footnotes":""},"categories":[203,66,156],"tags":[],"class_list":["post-707","post","type-post","status-publish","format-standard","has-post-thumbnail","hentry","category-actualite-es","category-projet","category-projet-es"],"acf":[],"aioseo_notices":[],"yoast_head":"<!-- This site is optimized with the Yoast SEO plugin v27.5 - https:\/\/yoast.com\/product\/yoast-seo-wordpress\/ -->\n<title>Calibraciones de -100\u00b0C a 1300\u00b0C - Thermibel<\/title>\n<meta name=\"robots\" content=\"index, follow, max-snippet:-1, max-image-preview:large, max-video-preview:-1\" \/>\n<link rel=\"canonical\" href=\"https:\/\/thermibel.be\/es\/2023\/05\/02\/calibraciones-de-100c-a-1300c\/\" \/>\n<meta property=\"og:locale\" content=\"es_ES\" \/>\n<meta property=\"og:type\" content=\"article\" \/>\n<meta property=\"og:title\" content=\"Calibraciones de -100\u00b0C a 1300\u00b0C - Thermibel\" \/>\n<meta property=\"og:description\" content=\"Thermibel renueva oficialmente por 3 a\u00f1os su acreditaci\u00f3n del laboratorio BELAC. Calibramos sus sensores de temperatura desde -100 \u00b0C hasta +1.300 \u00b0C.Si desea m\u00e1s informaci\u00f3n, p\u00f3ngase en contacto con nosotros.\" \/>\n<meta property=\"og:url\" content=\"https:\/\/thermibel.be\/es\/2023\/05\/02\/calibraciones-de-100c-a-1300c\/\" \/>\n<meta property=\"og:site_name\" content=\"Thermibel\" \/>\n<meta property=\"article:published_time\" content=\"2023-05-02T07:40:01+00:00\" \/>\n<meta property=\"article:modified_time\" content=\"2023-10-31T11:51:21+00:00\" \/>\n<meta property=\"og:image\" content=\"https:\/\/thermibel.be\/app\/uploads\/2023\/05\/unsplash_kyt0PkBSCNQ-1.png\" \/>\n\t<meta property=\"og:image:width\" content=\"202\" \/>\n\t<meta property=\"og:image:height\" content=\"202\" \/>\n\t<meta property=\"og:image:type\" content=\"image\/png\" \/>\n<meta name=\"author\" content=\"SO\" \/>\n<meta name=\"twitter:card\" content=\"summary_large_image\" \/>\n<meta name=\"twitter:label1\" content=\"Escrito por\" \/>\n\t<meta name=\"twitter:data1\" content=\"SO\" \/>\n\t<meta name=\"twitter:label2\" content=\"Tiempo de lectura\" \/>\n\t<meta name=\"twitter:data2\" content=\"1 minute\" \/>\n<script type=\"application\/ld+json\" class=\"yoast-schema-graph\">{\"@context\":\"https:\\\/\\\/schema.org\",\"@graph\":[{\"@type\":\"Article\",\"@id\":\"https:\\\/\\\/thermibel.be\\\/es\\\/2023\\\/05\\\/02\\\/calibraciones-de-100c-a-1300c\\\/#article\",\"isPartOf\":{\"@id\":\"https:\\\/\\\/thermibel.be\\\/es\\\/2023\\\/05\\\/02\\\/calibraciones-de-100c-a-1300c\\\/\"},\"author\":{\"name\":\"SO\",\"@id\":\"https:\\\/\\\/thermibel.be\\\/es\\\/#\\\/schema\\\/person\\\/4fdf64b87f4ccec7be7e3d9710b7a1da\"},\"headline\":\"Calibraciones de -100\u00b0C a 1300\u00b0C\",\"datePublished\":\"2023-05-02T07:40:01+00:00\",\"dateModified\":\"2023-10-31T11:51:21+00:00\",\"mainEntityOfPage\":{\"@id\":\"https:\\\/\\\/thermibel.be\\\/es\\\/2023\\\/05\\\/02\\\/calibraciones-de-100c-a-1300c\\\/\"},\"wordCount\":40,\"commentCount\":0,\"publisher\":{\"@id\":\"https:\\\/\\\/thermibel.be\\\/es\\\/#organization\"},\"image\":{\"@id\":\"https:\\\/\\\/thermibel.be\\\/es\\\/2023\\\/05\\\/02\\\/calibraciones-de-100c-a-1300c\\\/#primaryimage\"},\"thumbnailUrl\":\"https:\\\/\\\/thermibel.be\\\/app\\\/uploads\\\/2023\\\/05\\\/unsplash_kyt0PkBSCNQ-1.png\",\"articleSection\":[\"Actualit\u00e9\",\"Projet\",\"Projet\"],\"inLanguage\":\"es-ES\",\"potentialAction\":[{\"@type\":\"CommentAction\",\"name\":\"Comment\",\"target\":[\"https:\\\/\\\/thermibel.be\\\/es\\\/2023\\\/05\\\/02\\\/calibraciones-de-100c-a-1300c\\\/#respond\"]}]},{\"@type\":\"WebPage\",\"@id\":\"https:\\\/\\\/thermibel.be\\\/es\\\/2023\\\/05\\\/02\\\/calibraciones-de-100c-a-1300c\\\/\",\"url\":\"https:\\\/\\\/thermibel.be\\\/es\\\/2023\\\/05\\\/02\\\/calibraciones-de-100c-a-1300c\\\/\",\"name\":\"Calibraciones de -100\u00b0C a 1300\u00b0C - Thermibel\",\"isPartOf\":{\"@id\":\"https:\\\/\\\/thermibel.be\\\/es\\\/#website\"},\"primaryImageOfPage\":{\"@id\":\"https:\\\/\\\/thermibel.be\\\/es\\\/2023\\\/05\\\/02\\\/calibraciones-de-100c-a-1300c\\\/#primaryimage\"},\"image\":{\"@id\":\"https:\\\/\\\/thermibel.be\\\/es\\\/2023\\\/05\\\/02\\\/calibraciones-de-100c-a-1300c\\\/#primaryimage\"},\"thumbnailUrl\":\"https:\\\/\\\/thermibel.be\\\/app\\\/uploads\\\/2023\\\/05\\\/unsplash_kyt0PkBSCNQ-1.png\",\"datePublished\":\"2023-05-02T07:40:01+00:00\",\"dateModified\":\"2023-10-31T11:51:21+00:00\",\"inLanguage\":\"es-ES\",\"potentialAction\":[{\"@type\":\"ReadAction\",\"target\":[\"https:\\\/\\\/thermibel.be\\\/es\\\/2023\\\/05\\\/02\\\/calibraciones-de-100c-a-1300c\\\/\"]}]},{\"@type\":\"ImageObject\",\"inLanguage\":\"es-ES\",\"@id\":\"https:\\\/\\\/thermibel.be\\\/es\\\/2023\\\/05\\\/02\\\/calibraciones-de-100c-a-1300c\\\/#primaryimage\",\"url\":\"https:\\\/\\\/thermibel.be\\\/app\\\/uploads\\\/2023\\\/05\\\/unsplash_kyt0PkBSCNQ-1.png\",\"contentUrl\":\"https:\\\/\\\/thermibel.be\\\/app\\\/uploads\\\/2023\\\/05\\\/unsplash_kyt0PkBSCNQ-1.png\",\"width\":202,\"height\":202},{\"@type\":\"WebSite\",\"@id\":\"https:\\\/\\\/thermibel.be\\\/es\\\/#website\",\"url\":\"https:\\\/\\\/thermibel.be\\\/es\\\/\",\"name\":\"Thermibel\",\"description\":\"Un Haut Degr\u00e9 de Qualit\u00e9\",\"publisher\":{\"@id\":\"https:\\\/\\\/thermibel.be\\\/es\\\/#organization\"},\"potentialAction\":[{\"@type\":\"SearchAction\",\"target\":{\"@type\":\"EntryPoint\",\"urlTemplate\":\"https:\\\/\\\/thermibel.be\\\/es\\\/?s={search_term_string}\"},\"query-input\":{\"@type\":\"PropertyValueSpecification\",\"valueRequired\":true,\"valueName\":\"search_term_string\"}}],\"inLanguage\":\"es-ES\"},{\"@type\":\"Organization\",\"@id\":\"https:\\\/\\\/thermibel.be\\\/es\\\/#organization\",\"name\":\"Thermibel\",\"url\":\"https:\\\/\\\/thermibel.be\\\/es\\\/\",\"logo\":{\"@type\":\"ImageObject\",\"inLanguage\":\"es-ES\",\"@id\":\"https:\\\/\\\/thermibel.be\\\/es\\\/#\\\/schema\\\/logo\\\/image\\\/\",\"url\":\"https:\\\/\\\/thermibel.be\\\/app\\\/uploads\\\/2023\\\/08\\\/logo_fr-1.png\",\"contentUrl\":\"https:\\\/\\\/thermibel.be\\\/app\\\/uploads\\\/2023\\\/08\\\/logo_fr-1.png\",\"width\":275,\"height\":59,\"caption\":\"Thermibel\"},\"image\":{\"@id\":\"https:\\\/\\\/thermibel.be\\\/es\\\/#\\\/schema\\\/logo\\\/image\\\/\"}},{\"@type\":\"Person\",\"@id\":\"https:\\\/\\\/thermibel.be\\\/es\\\/#\\\/schema\\\/person\\\/4fdf64b87f4ccec7be7e3d9710b7a1da\",\"name\":\"SO\",\"image\":{\"@type\":\"ImageObject\",\"inLanguage\":\"es-ES\",\"@id\":\"https:\\\/\\\/secure.gravatar.com\\\/avatar\\\/31cf9df4b9f7bd6fa464a1b72222baedc47ac1629dc3b9a894f949947b87b112?s=96&d=mm&r=g\",\"url\":\"https:\\\/\\\/secure.gravatar.com\\\/avatar\\\/31cf9df4b9f7bd6fa464a1b72222baedc47ac1629dc3b9a894f949947b87b112?s=96&d=mm&r=g\",\"contentUrl\":\"https:\\\/\\\/secure.gravatar.com\\\/avatar\\\/31cf9df4b9f7bd6fa464a1b72222baedc47ac1629dc3b9a894f949947b87b112?s=96&d=mm&r=g\",\"caption\":\"SO\"},\"sameAs\":[\"https:\\\/\\\/thermibel.be\\\/wp\"],\"url\":\"https:\\\/\\\/thermibel.be\\\/es\\\/author\\\/admin7v8tf3f2fna8wa\\\/\"}]}<\/script>\n<!-- \/ Yoast SEO plugin. -->","yoast_head_json":{"title":"Calibraciones de -100\u00b0C a 1300\u00b0C - Thermibel","robots":{"index":"index","follow":"follow","max-snippet":"max-snippet:-1","max-image-preview":"max-image-preview:large","max-video-preview":"max-video-preview:-1"},"canonical":"https:\/\/thermibel.be\/es\/2023\/05\/02\/calibraciones-de-100c-a-1300c\/","og_locale":"es_ES","og_type":"article","og_title":"Calibraciones de -100\u00b0C a 1300\u00b0C - Thermibel","og_description":"Thermibel renueva oficialmente por 3 a\u00f1os su acreditaci\u00f3n del laboratorio BELAC. Calibramos sus sensores de temperatura desde -100 \u00b0C hasta +1.300 \u00b0C.Si desea m\u00e1s informaci\u00f3n, p\u00f3ngase en contacto con nosotros.","og_url":"https:\/\/thermibel.be\/es\/2023\/05\/02\/calibraciones-de-100c-a-1300c\/","og_site_name":"Thermibel","article_published_time":"2023-05-02T07:40:01+00:00","article_modified_time":"2023-10-31T11:51:21+00:00","og_image":[{"width":202,"height":202,"url":"https:\/\/thermibel.be\/app\/uploads\/2023\/05\/unsplash_kyt0PkBSCNQ-1.png","type":"image\/png"}],"author":"SO","twitter_card":"summary_large_image","twitter_misc":{"Escrito por":"SO","Tiempo de lectura":"1 minute"},"schema":{"@context":"https:\/\/schema.org","@graph":[{"@type":"Article","@id":"https:\/\/thermibel.be\/es\/2023\/05\/02\/calibraciones-de-100c-a-1300c\/#article","isPartOf":{"@id":"https:\/\/thermibel.be\/es\/2023\/05\/02\/calibraciones-de-100c-a-1300c\/"},"author":{"name":"SO","@id":"https:\/\/thermibel.be\/es\/#\/schema\/person\/4fdf64b87f4ccec7be7e3d9710b7a1da"},"headline":"Calibraciones de -100\u00b0C a 1300\u00b0C","datePublished":"2023-05-02T07:40:01+00:00","dateModified":"2023-10-31T11:51:21+00:00","mainEntityOfPage":{"@id":"https:\/\/thermibel.be\/es\/2023\/05\/02\/calibraciones-de-100c-a-1300c\/"},"wordCount":40,"commentCount":0,"publisher":{"@id":"https:\/\/thermibel.be\/es\/#organization"},"image":{"@id":"https:\/\/thermibel.be\/es\/2023\/05\/02\/calibraciones-de-100c-a-1300c\/#primaryimage"},"thumbnailUrl":"https:\/\/thermibel.be\/app\/uploads\/2023\/05\/unsplash_kyt0PkBSCNQ-1.png","articleSection":["Actualit\u00e9","Projet","Projet"],"inLanguage":"es-ES","potentialAction":[{"@type":"CommentAction","name":"Comment","target":["https:\/\/thermibel.be\/es\/2023\/05\/02\/calibraciones-de-100c-a-1300c\/#respond"]}]},{"@type":"WebPage","@id":"https:\/\/thermibel.be\/es\/2023\/05\/02\/calibraciones-de-100c-a-1300c\/","url":"https:\/\/thermibel.be\/es\/2023\/05\/02\/calibraciones-de-100c-a-1300c\/","name":"Calibraciones de -100\u00b0C a 1300\u00b0C - Thermibel","isPartOf":{"@id":"https:\/\/thermibel.be\/es\/#website"},"primaryImageOfPage":{"@id":"https:\/\/thermibel.be\/es\/2023\/05\/02\/calibraciones-de-100c-a-1300c\/#primaryimage"},"image":{"@id":"https:\/\/thermibel.be\/es\/2023\/05\/02\/calibraciones-de-100c-a-1300c\/#primaryimage"},"thumbnailUrl":"https:\/\/thermibel.be\/app\/uploads\/2023\/05\/unsplash_kyt0PkBSCNQ-1.png","datePublished":"2023-05-02T07:40:01+00:00","dateModified":"2023-10-31T11:51:21+00:00","inLanguage":"es-ES","potentialAction":[{"@type":"ReadAction","target":["https:\/\/thermibel.be\/es\/2023\/05\/02\/calibraciones-de-100c-a-1300c\/"]}]},{"@type":"ImageObject","inLanguage":"es-ES","@id":"https:\/\/thermibel.be\/es\/2023\/05\/02\/calibraciones-de-100c-a-1300c\/#primaryimage","url":"https:\/\/thermibel.be\/app\/uploads\/2023\/05\/unsplash_kyt0PkBSCNQ-1.png","contentUrl":"https:\/\/thermibel.be\/app\/uploads\/2023\/05\/unsplash_kyt0PkBSCNQ-1.png","width":202,"height":202},{"@type":"WebSite","@id":"https:\/\/thermibel.be\/es\/#website","url":"https:\/\/thermibel.be\/es\/","name":"Thermibel","description":"Un Haut Degr\u00e9 de Qualit\u00e9","publisher":{"@id":"https:\/\/thermibel.be\/es\/#organization"},"potentialAction":[{"@type":"SearchAction","target":{"@type":"EntryPoint","urlTemplate":"https:\/\/thermibel.be\/es\/?s={search_term_string}"},"query-input":{"@type":"PropertyValueSpecification","valueRequired":true,"valueName":"search_term_string"}}],"inLanguage":"es-ES"},{"@type":"Organization","@id":"https:\/\/thermibel.be\/es\/#organization","name":"Thermibel","url":"https:\/\/thermibel.be\/es\/","logo":{"@type":"ImageObject","inLanguage":"es-ES","@id":"https:\/\/thermibel.be\/es\/#\/schema\/logo\/image\/","url":"https:\/\/thermibel.be\/app\/uploads\/2023\/08\/logo_fr-1.png","contentUrl":"https:\/\/thermibel.be\/app\/uploads\/2023\/08\/logo_fr-1.png","width":275,"height":59,"caption":"Thermibel"},"image":{"@id":"https:\/\/thermibel.be\/es\/#\/schema\/logo\/image\/"}},{"@type":"Person","@id":"https:\/\/thermibel.be\/es\/#\/schema\/person\/4fdf64b87f4ccec7be7e3d9710b7a1da","name":"SO","image":{"@type":"ImageObject","inLanguage":"es-ES","@id":"https:\/\/secure.gravatar.com\/avatar\/31cf9df4b9f7bd6fa464a1b72222baedc47ac1629dc3b9a894f949947b87b112?s=96&d=mm&r=g","url":"https:\/\/secure.gravatar.com\/avatar\/31cf9df4b9f7bd6fa464a1b72222baedc47ac1629dc3b9a894f949947b87b112?s=96&d=mm&r=g","contentUrl":"https:\/\/secure.gravatar.com\/avatar\/31cf9df4b9f7bd6fa464a1b72222baedc47ac1629dc3b9a894f949947b87b112?s=96&d=mm&r=g","caption":"SO"},"sameAs":["https:\/\/thermibel.be\/wp"],"url":"https:\/\/thermibel.be\/es\/author\/admin7v8tf3f2fna8wa\/"}]}},"_links":{"self":[{"href":"https:\/\/thermibel.be\/es\/wp-json\/wp\/v2\/posts\/707","targetHints":{"allow":["GET"]}}],"collection":[{"href":"https:\/\/thermibel.be\/es\/wp-json\/wp\/v2\/posts"}],"about":[{"href":"https:\/\/thermibel.be\/es\/wp-json\/wp\/v2\/types\/post"}],"author":[{"embeddable":true,"href":"https:\/\/thermibel.be\/es\/wp-json\/wp\/v2\/users\/1"}],"replies":[{"embeddable":true,"href":"https:\/\/thermibel.be\/es\/wp-json\/wp\/v2\/comments?post=707"}],"version-history":[{"count":2,"href":"https:\/\/thermibel.be\/es\/wp-json\/wp\/v2\/posts\/707\/revisions"}],"predecessor-version":[{"id":5176,"href":"https:\/\/thermibel.be\/es\/wp-json\/wp\/v2\/posts\/707\/revisions\/5176"}],"wp:featuredmedia":[{"embeddable":true,"href":"https:\/\/thermibel.be\/es\/wp-json\/wp\/v2\/media\/378"}],"wp:attachment":[{"href":"https:\/\/thermibel.be\/es\/wp-json\/wp\/v2\/media?parent=707"}],"wp:term":[{"taxonomy":"category","embeddable":true,"href":"https:\/\/thermibel.be\/es\/wp-json\/wp\/v2\/categories?post=707"},{"taxonomy":"post_tag","embeddable":true,"href":"https:\/\/thermibel.be\/es\/wp-json\/wp\/v2\/tags?post=707"}],"curies":[{"name":"wp","href":"https:\/\/api.w.org\/{rel}","templated":true}]}}