{"id":6241,"date":"2025-08-27T12:35:29","date_gmt":"2025-08-27T12:35:29","guid":{"rendered":"https:\/\/thermibel.be\/2025\/08\/27\/proximamente-oferta-de-canje-por-el-50-aniversario-de-beamex\/"},"modified":"2025-08-27T12:47:27","modified_gmt":"2025-08-27T12:47:27","slug":"proximamente-oferta-de-canje-por-el-50-aniversario-de-beamex","status":"publish","type":"post","link":"https:\/\/thermibel.be\/es\/2025\/08\/27\/proximamente-oferta-de-canje-por-el-50-aniversario-de-beamex\/","title":{"rendered":"Pr\u00f3ximamente&#8230; \u00a1Oferta de canje por el 50 aniversario de Beamex!"},"content":{"rendered":"\n<p><br\/>Los calibradores Beamex est\u00e1n hechos para durar, pero la nueva familia MC6 lleva la precisi\u00f3n, la funcionalidad y la facilidad de uso<br\/>a un nivel superior.<br\/>Para celebrar los 50 a\u00f1os de innovaci\u00f3n de Beamex, te damos la oportunidad exclusiva de cambiar tu antiguo calibrador Beamex<br\/>(MC2, MC2-IS, MC4, MC5 o MC5-IS) por un flamante modelo de la familia MC6 &#8211;<br\/>con un descuento especial de aniversario.<br\/>La familia MC6 incluye:<br\/>&#8211; MC6 &#8211; Calibrador y Comunicador de Campo Avanzado<br\/>&#8211; MC6-Ex &#8211; Calibrador y comunicador de campo avanzado intr\u00ednsecamente seguro<br\/>&#8211; MC6-T &#8211; Calibrador y Comunicador de Temperatura Multifunci\u00f3n<br\/>Caracter\u00edsticas principales de la familia MC6:<br\/>&#8211; Calibraci\u00f3n multifuncional &#8211; Presi\u00f3n, temperatura y se\u00f1ales el\u00e9ctricas en un solo dispositivo<br\/>&#8211; Alta precisi\u00f3n &#8211; Certificados de calibraci\u00f3n trazables y acreditados<br\/>&#8211; Interfaz f\u00e1cil de usar &#8211; Gran pantalla t\u00e1ctil con soporte multiling\u00fce<br\/>&#8211; Comunicador de campo &#8211; Para un mantenimiento inteligente de los instrumentos de campo<br\/>&#8211; Flujo de datos digital &#8211; Calibraci\u00f3n sin papel con el software Beamex<br\/>&#8211; Dise\u00f1o duradero &#8211; Ergon\u00f3mico, con clasificaci\u00f3n IP65 para entornos dif\u00edciles<br\/>Disponible pr\u00f3ximamente en Oriente Medio, \u00c1frica y determinados pa\u00edses europeos, s\u00f3lo por tiempo limitado.<br\/>Mira este espacio&#8230; tu actualizaci\u00f3n est\u00e1 a punto de llegar<\/p>\n\n<figure class=\"wp-block-image size-full is-resized is-style-rounded\"><img loading=\"lazy\" decoding=\"async\" width=\"387\" height=\"566\" src=\"https:\/\/thermibel.be\/app\/uploads\/2025\/08\/MC6-family.png\" alt=\"\" class=\"wp-image-6232\" style=\"width:840px;height:auto\" srcset=\"https:\/\/thermibel.be\/app\/uploads\/2025\/08\/MC6-family.png 387w, https:\/\/thermibel.be\/app\/uploads\/2025\/08\/MC6-family-205x300.png 205w, https:\/\/thermibel.be\/app\/uploads\/2025\/08\/MC6-family-300x439.png 300w\" sizes=\"auto, (max-width: 387px) 100vw, 387px\" \/><\/figure>\n","protected":false},"excerpt":{"rendered":"<p>Los calibradores Beamex est\u00e1n hechos para durar, pero la nueva familia MC6 lleva la precisi\u00f3n, la funcionalidad y la facilidad de usoa un nivel superior.Para celebrar los 50 a\u00f1os de innovaci\u00f3n de Beamex, te damos la oportunidad exclusiva de cambiar tu antiguo calibrador Beamex(MC2, MC2-IS, MC4, MC5 o MC5-IS) por un flamante modelo de la [&hellip;]<\/p>\n","protected":false},"author":1,"featured_media":0,"comment_status":"open","ping_status":"open","sticky":true,"template":"","format":"standard","meta":{"_acf_changed":false,"om_disable_all_campaigns":false,"_monsterinsights_skip_tracking":false,"_monsterinsights_sitenote_active":false,"_monsterinsights_sitenote_note":"","_monsterinsights_sitenote_category":0,"_uf_show_specific_survey":0,"_uf_disable_surveys":false,"footnotes":""},"categories":[203],"tags":[],"class_list":["post-6241","post","type-post","status-publish","format-standard","hentry","category-actualite-es"],"acf":[],"aioseo_notices":[],"yoast_head":"<!-- This site is optimized with the Yoast SEO plugin v27.5 - https:\/\/yoast.com\/product\/yoast-seo-wordpress\/ -->\n<title>Pr\u00f3ximamente... \u00a1Oferta de canje por el 50 aniversario de Beamex! - Thermibel<\/title>\n<meta name=\"robots\" content=\"index, follow, max-snippet:-1, max-image-preview:large, max-video-preview:-1\" \/>\n<link rel=\"canonical\" href=\"https:\/\/thermibel.be\/es\/2025\/08\/27\/proximamente-oferta-de-canje-por-el-50-aniversario-de-beamex\/\" \/>\n<meta property=\"og:locale\" content=\"es_ES\" \/>\n<meta property=\"og:type\" content=\"article\" \/>\n<meta property=\"og:title\" content=\"Pr\u00f3ximamente... \u00a1Oferta de canje por el 50 aniversario de Beamex! - Thermibel\" \/>\n<meta property=\"og:description\" content=\"Los calibradores Beamex est\u00e1n hechos para durar, pero la nueva familia MC6 lleva la precisi\u00f3n, la funcionalidad y la facilidad de usoa un nivel superior.Para celebrar los 50 a\u00f1os de innovaci\u00f3n de Beamex, te damos la oportunidad exclusiva de cambiar tu antiguo calibrador Beamex(MC2, MC2-IS, MC4, MC5 o MC5-IS) por un flamante modelo de la [&hellip;]\" \/>\n<meta property=\"og:url\" content=\"https:\/\/thermibel.be\/es\/2025\/08\/27\/proximamente-oferta-de-canje-por-el-50-aniversario-de-beamex\/\" \/>\n<meta property=\"og:site_name\" content=\"Thermibel\" \/>\n<meta property=\"article:published_time\" content=\"2025-08-27T12:35:29+00:00\" \/>\n<meta property=\"article:modified_time\" content=\"2025-08-27T12:47:27+00:00\" \/>\n<meta property=\"og:image\" content=\"https:\/\/thermibel.be\/app\/uploads\/2025\/08\/MC6-family.png\" \/>\n\t<meta property=\"og:image:width\" content=\"387\" \/>\n\t<meta property=\"og:image:height\" content=\"566\" \/>\n\t<meta property=\"og:image:type\" content=\"image\/png\" \/>\n<meta name=\"author\" content=\"SO\" \/>\n<meta name=\"twitter:card\" content=\"summary_large_image\" \/>\n<meta name=\"twitter:label1\" content=\"Escrito por\" \/>\n\t<meta name=\"twitter:data1\" content=\"SO\" \/>\n\t<meta name=\"twitter:label2\" content=\"Tiempo de lectura\" \/>\n\t<meta name=\"twitter:data2\" content=\"1 minute\" \/>\n<script type=\"application\/ld+json\" class=\"yoast-schema-graph\">{\"@context\":\"https:\\\/\\\/schema.org\",\"@graph\":[{\"@type\":\"Article\",\"@id\":\"https:\\\/\\\/thermibel.be\\\/es\\\/2025\\\/08\\\/27\\\/proximamente-oferta-de-canje-por-el-50-aniversario-de-beamex\\\/#article\",\"isPartOf\":{\"@id\":\"https:\\\/\\\/thermibel.be\\\/es\\\/2025\\\/08\\\/27\\\/proximamente-oferta-de-canje-por-el-50-aniversario-de-beamex\\\/\"},\"author\":{\"name\":\"SO\",\"@id\":\"https:\\\/\\\/thermibel.be\\\/es\\\/#\\\/schema\\\/person\\\/4fdf64b87f4ccec7be7e3d9710b7a1da\"},\"headline\":\"Pr\u00f3ximamente&#8230; \u00a1Oferta de canje por el 50 aniversario de Beamex!\",\"datePublished\":\"2025-08-27T12:35:29+00:00\",\"dateModified\":\"2025-08-27T12:47:27+00:00\",\"mainEntityOfPage\":{\"@id\":\"https:\\\/\\\/thermibel.be\\\/es\\\/2025\\\/08\\\/27\\\/proximamente-oferta-de-canje-por-el-50-aniversario-de-beamex\\\/\"},\"wordCount\":230,\"commentCount\":0,\"publisher\":{\"@id\":\"https:\\\/\\\/thermibel.be\\\/es\\\/#organization\"},\"image\":{\"@id\":\"https:\\\/\\\/thermibel.be\\\/es\\\/2025\\\/08\\\/27\\\/proximamente-oferta-de-canje-por-el-50-aniversario-de-beamex\\\/#primaryimage\"},\"thumbnailUrl\":\"https:\\\/\\\/thermibel.be\\\/app\\\/uploads\\\/2025\\\/08\\\/MC6-family.png\",\"articleSection\":[\"Actualit\u00e9\"],\"inLanguage\":\"es-ES\",\"potentialAction\":[{\"@type\":\"CommentAction\",\"name\":\"Comment\",\"target\":[\"https:\\\/\\\/thermibel.be\\\/es\\\/2025\\\/08\\\/27\\\/proximamente-oferta-de-canje-por-el-50-aniversario-de-beamex\\\/#respond\"]}]},{\"@type\":\"WebPage\",\"@id\":\"https:\\\/\\\/thermibel.be\\\/es\\\/2025\\\/08\\\/27\\\/proximamente-oferta-de-canje-por-el-50-aniversario-de-beamex\\\/\",\"url\":\"https:\\\/\\\/thermibel.be\\\/es\\\/2025\\\/08\\\/27\\\/proximamente-oferta-de-canje-por-el-50-aniversario-de-beamex\\\/\",\"name\":\"Pr\u00f3ximamente... \u00a1Oferta de canje por el 50 aniversario de Beamex! - Thermibel\",\"isPartOf\":{\"@id\":\"https:\\\/\\\/thermibel.be\\\/es\\\/#website\"},\"primaryImageOfPage\":{\"@id\":\"https:\\\/\\\/thermibel.be\\\/es\\\/2025\\\/08\\\/27\\\/proximamente-oferta-de-canje-por-el-50-aniversario-de-beamex\\\/#primaryimage\"},\"image\":{\"@id\":\"https:\\\/\\\/thermibel.be\\\/es\\\/2025\\\/08\\\/27\\\/proximamente-oferta-de-canje-por-el-50-aniversario-de-beamex\\\/#primaryimage\"},\"thumbnailUrl\":\"https:\\\/\\\/thermibel.be\\\/app\\\/uploads\\\/2025\\\/08\\\/MC6-family.png\",\"datePublished\":\"2025-08-27T12:35:29+00:00\",\"dateModified\":\"2025-08-27T12:47:27+00:00\",\"inLanguage\":\"es-ES\",\"potentialAction\":[{\"@type\":\"ReadAction\",\"target\":[\"https:\\\/\\\/thermibel.be\\\/es\\\/2025\\\/08\\\/27\\\/proximamente-oferta-de-canje-por-el-50-aniversario-de-beamex\\\/\"]}]},{\"@type\":\"ImageObject\",\"inLanguage\":\"es-ES\",\"@id\":\"https:\\\/\\\/thermibel.be\\\/es\\\/2025\\\/08\\\/27\\\/proximamente-oferta-de-canje-por-el-50-aniversario-de-beamex\\\/#primaryimage\",\"url\":\"https:\\\/\\\/thermibel.be\\\/app\\\/uploads\\\/2025\\\/08\\\/MC6-family.png\",\"contentUrl\":\"https:\\\/\\\/thermibel.be\\\/app\\\/uploads\\\/2025\\\/08\\\/MC6-family.png\"},{\"@type\":\"WebSite\",\"@id\":\"https:\\\/\\\/thermibel.be\\\/es\\\/#website\",\"url\":\"https:\\\/\\\/thermibel.be\\\/es\\\/\",\"name\":\"Thermibel\",\"description\":\"Un Haut Degr\u00e9 de Qualit\u00e9\",\"publisher\":{\"@id\":\"https:\\\/\\\/thermibel.be\\\/es\\\/#organization\"},\"potentialAction\":[{\"@type\":\"SearchAction\",\"target\":{\"@type\":\"EntryPoint\",\"urlTemplate\":\"https:\\\/\\\/thermibel.be\\\/es\\\/?s={search_term_string}\"},\"query-input\":{\"@type\":\"PropertyValueSpecification\",\"valueRequired\":true,\"valueName\":\"search_term_string\"}}],\"inLanguage\":\"es-ES\"},{\"@type\":\"Organization\",\"@id\":\"https:\\\/\\\/thermibel.be\\\/es\\\/#organization\",\"name\":\"Thermibel\",\"url\":\"https:\\\/\\\/thermibel.be\\\/es\\\/\",\"logo\":{\"@type\":\"ImageObject\",\"inLanguage\":\"es-ES\",\"@id\":\"https:\\\/\\\/thermibel.be\\\/es\\\/#\\\/schema\\\/logo\\\/image\\\/\",\"url\":\"https:\\\/\\\/thermibel.be\\\/app\\\/uploads\\\/2023\\\/08\\\/logo_fr-1.png\",\"contentUrl\":\"https:\\\/\\\/thermibel.be\\\/app\\\/uploads\\\/2023\\\/08\\\/logo_fr-1.png\",\"width\":275,\"height\":59,\"caption\":\"Thermibel\"},\"image\":{\"@id\":\"https:\\\/\\\/thermibel.be\\\/es\\\/#\\\/schema\\\/logo\\\/image\\\/\"}},{\"@type\":\"Person\",\"@id\":\"https:\\\/\\\/thermibel.be\\\/es\\\/#\\\/schema\\\/person\\\/4fdf64b87f4ccec7be7e3d9710b7a1da\",\"name\":\"SO\",\"image\":{\"@type\":\"ImageObject\",\"inLanguage\":\"es-ES\",\"@id\":\"https:\\\/\\\/secure.gravatar.com\\\/avatar\\\/31cf9df4b9f7bd6fa464a1b72222baedc47ac1629dc3b9a894f949947b87b112?s=96&d=mm&r=g\",\"url\":\"https:\\\/\\\/secure.gravatar.com\\\/avatar\\\/31cf9df4b9f7bd6fa464a1b72222baedc47ac1629dc3b9a894f949947b87b112?s=96&d=mm&r=g\",\"contentUrl\":\"https:\\\/\\\/secure.gravatar.com\\\/avatar\\\/31cf9df4b9f7bd6fa464a1b72222baedc47ac1629dc3b9a894f949947b87b112?s=96&d=mm&r=g\",\"caption\":\"SO\"},\"sameAs\":[\"https:\\\/\\\/thermibel.be\\\/wp\"],\"url\":\"https:\\\/\\\/thermibel.be\\\/es\\\/author\\\/admin7v8tf3f2fna8wa\\\/\"}]}<\/script>\n<!-- \/ Yoast SEO plugin. -->","yoast_head_json":{"title":"Pr\u00f3ximamente... \u00a1Oferta de canje por el 50 aniversario de Beamex! - Thermibel","robots":{"index":"index","follow":"follow","max-snippet":"max-snippet:-1","max-image-preview":"max-image-preview:large","max-video-preview":"max-video-preview:-1"},"canonical":"https:\/\/thermibel.be\/es\/2025\/08\/27\/proximamente-oferta-de-canje-por-el-50-aniversario-de-beamex\/","og_locale":"es_ES","og_type":"article","og_title":"Pr\u00f3ximamente... \u00a1Oferta de canje por el 50 aniversario de Beamex! - Thermibel","og_description":"Los calibradores Beamex est\u00e1n hechos para durar, pero la nueva familia MC6 lleva la precisi\u00f3n, la funcionalidad y la facilidad de usoa un nivel superior.Para celebrar los 50 a\u00f1os de innovaci\u00f3n de Beamex, te damos la oportunidad exclusiva de cambiar tu antiguo calibrador Beamex(MC2, MC2-IS, MC4, MC5 o MC5-IS) por un flamante modelo de la [&hellip;]","og_url":"https:\/\/thermibel.be\/es\/2025\/08\/27\/proximamente-oferta-de-canje-por-el-50-aniversario-de-beamex\/","og_site_name":"Thermibel","article_published_time":"2025-08-27T12:35:29+00:00","article_modified_time":"2025-08-27T12:47:27+00:00","og_image":[{"width":387,"height":566,"url":"https:\/\/thermibel.be\/app\/uploads\/2025\/08\/MC6-family.png","type":"image\/png"}],"author":"SO","twitter_card":"summary_large_image","twitter_misc":{"Escrito por":"SO","Tiempo de lectura":"1 minute"},"schema":{"@context":"https:\/\/schema.org","@graph":[{"@type":"Article","@id":"https:\/\/thermibel.be\/es\/2025\/08\/27\/proximamente-oferta-de-canje-por-el-50-aniversario-de-beamex\/#article","isPartOf":{"@id":"https:\/\/thermibel.be\/es\/2025\/08\/27\/proximamente-oferta-de-canje-por-el-50-aniversario-de-beamex\/"},"author":{"name":"SO","@id":"https:\/\/thermibel.be\/es\/#\/schema\/person\/4fdf64b87f4ccec7be7e3d9710b7a1da"},"headline":"Pr\u00f3ximamente&#8230; \u00a1Oferta de canje por el 50 aniversario de Beamex!","datePublished":"2025-08-27T12:35:29+00:00","dateModified":"2025-08-27T12:47:27+00:00","mainEntityOfPage":{"@id":"https:\/\/thermibel.be\/es\/2025\/08\/27\/proximamente-oferta-de-canje-por-el-50-aniversario-de-beamex\/"},"wordCount":230,"commentCount":0,"publisher":{"@id":"https:\/\/thermibel.be\/es\/#organization"},"image":{"@id":"https:\/\/thermibel.be\/es\/2025\/08\/27\/proximamente-oferta-de-canje-por-el-50-aniversario-de-beamex\/#primaryimage"},"thumbnailUrl":"https:\/\/thermibel.be\/app\/uploads\/2025\/08\/MC6-family.png","articleSection":["Actualit\u00e9"],"inLanguage":"es-ES","potentialAction":[{"@type":"CommentAction","name":"Comment","target":["https:\/\/thermibel.be\/es\/2025\/08\/27\/proximamente-oferta-de-canje-por-el-50-aniversario-de-beamex\/#respond"]}]},{"@type":"WebPage","@id":"https:\/\/thermibel.be\/es\/2025\/08\/27\/proximamente-oferta-de-canje-por-el-50-aniversario-de-beamex\/","url":"https:\/\/thermibel.be\/es\/2025\/08\/27\/proximamente-oferta-de-canje-por-el-50-aniversario-de-beamex\/","name":"Pr\u00f3ximamente... \u00a1Oferta de canje por el 50 aniversario de Beamex! - Thermibel","isPartOf":{"@id":"https:\/\/thermibel.be\/es\/#website"},"primaryImageOfPage":{"@id":"https:\/\/thermibel.be\/es\/2025\/08\/27\/proximamente-oferta-de-canje-por-el-50-aniversario-de-beamex\/#primaryimage"},"image":{"@id":"https:\/\/thermibel.be\/es\/2025\/08\/27\/proximamente-oferta-de-canje-por-el-50-aniversario-de-beamex\/#primaryimage"},"thumbnailUrl":"https:\/\/thermibel.be\/app\/uploads\/2025\/08\/MC6-family.png","datePublished":"2025-08-27T12:35:29+00:00","dateModified":"2025-08-27T12:47:27+00:00","inLanguage":"es-ES","potentialAction":[{"@type":"ReadAction","target":["https:\/\/thermibel.be\/es\/2025\/08\/27\/proximamente-oferta-de-canje-por-el-50-aniversario-de-beamex\/"]}]},{"@type":"ImageObject","inLanguage":"es-ES","@id":"https:\/\/thermibel.be\/es\/2025\/08\/27\/proximamente-oferta-de-canje-por-el-50-aniversario-de-beamex\/#primaryimage","url":"https:\/\/thermibel.be\/app\/uploads\/2025\/08\/MC6-family.png","contentUrl":"https:\/\/thermibel.be\/app\/uploads\/2025\/08\/MC6-family.png"},{"@type":"WebSite","@id":"https:\/\/thermibel.be\/es\/#website","url":"https:\/\/thermibel.be\/es\/","name":"Thermibel","description":"Un Haut Degr\u00e9 de Qualit\u00e9","publisher":{"@id":"https:\/\/thermibel.be\/es\/#organization"},"potentialAction":[{"@type":"SearchAction","target":{"@type":"EntryPoint","urlTemplate":"https:\/\/thermibel.be\/es\/?s={search_term_string}"},"query-input":{"@type":"PropertyValueSpecification","valueRequired":true,"valueName":"search_term_string"}}],"inLanguage":"es-ES"},{"@type":"Organization","@id":"https:\/\/thermibel.be\/es\/#organization","name":"Thermibel","url":"https:\/\/thermibel.be\/es\/","logo":{"@type":"ImageObject","inLanguage":"es-ES","@id":"https:\/\/thermibel.be\/es\/#\/schema\/logo\/image\/","url":"https:\/\/thermibel.be\/app\/uploads\/2023\/08\/logo_fr-1.png","contentUrl":"https:\/\/thermibel.be\/app\/uploads\/2023\/08\/logo_fr-1.png","width":275,"height":59,"caption":"Thermibel"},"image":{"@id":"https:\/\/thermibel.be\/es\/#\/schema\/logo\/image\/"}},{"@type":"Person","@id":"https:\/\/thermibel.be\/es\/#\/schema\/person\/4fdf64b87f4ccec7be7e3d9710b7a1da","name":"SO","image":{"@type":"ImageObject","inLanguage":"es-ES","@id":"https:\/\/secure.gravatar.com\/avatar\/31cf9df4b9f7bd6fa464a1b72222baedc47ac1629dc3b9a894f949947b87b112?s=96&d=mm&r=g","url":"https:\/\/secure.gravatar.com\/avatar\/31cf9df4b9f7bd6fa464a1b72222baedc47ac1629dc3b9a894f949947b87b112?s=96&d=mm&r=g","contentUrl":"https:\/\/secure.gravatar.com\/avatar\/31cf9df4b9f7bd6fa464a1b72222baedc47ac1629dc3b9a894f949947b87b112?s=96&d=mm&r=g","caption":"SO"},"sameAs":["https:\/\/thermibel.be\/wp"],"url":"https:\/\/thermibel.be\/es\/author\/admin7v8tf3f2fna8wa\/"}]}},"_links":{"self":[{"href":"https:\/\/thermibel.be\/es\/wp-json\/wp\/v2\/posts\/6241","targetHints":{"allow":["GET"]}}],"collection":[{"href":"https:\/\/thermibel.be\/es\/wp-json\/wp\/v2\/posts"}],"about":[{"href":"https:\/\/thermibel.be\/es\/wp-json\/wp\/v2\/types\/post"}],"author":[{"embeddable":true,"href":"https:\/\/thermibel.be\/es\/wp-json\/wp\/v2\/users\/1"}],"replies":[{"embeddable":true,"href":"https:\/\/thermibel.be\/es\/wp-json\/wp\/v2\/comments?post=6241"}],"version-history":[{"count":1,"href":"https:\/\/thermibel.be\/es\/wp-json\/wp\/v2\/posts\/6241\/revisions"}],"predecessor-version":[{"id":6242,"href":"https:\/\/thermibel.be\/es\/wp-json\/wp\/v2\/posts\/6241\/revisions\/6242"}],"wp:attachment":[{"href":"https:\/\/thermibel.be\/es\/wp-json\/wp\/v2\/media?parent=6241"}],"wp:term":[{"taxonomy":"category","embeddable":true,"href":"https:\/\/thermibel.be\/es\/wp-json\/wp\/v2\/categories?post=6241"},{"taxonomy":"post_tag","embeddable":true,"href":"https:\/\/thermibel.be\/es\/wp-json\/wp\/v2\/tags?post=6241"}],"curies":[{"name":"wp","href":"https:\/\/api.w.org\/{rel}","templated":true}]}}